{"id":4983,"date":"2026-03-04T16:38:06","date_gmt":"2026-03-04T15:38:06","guid":{"rendered":"https:\/\/renier.be\/?p=4983"},"modified":"2026-04-30T16:22:43","modified_gmt":"2026-04-30T14:22:43","slug":"blaustein-sockel","status":"publish","type":"post","link":"https:\/\/renier.be\/de\/gevelplint-blauwe-hardsteen\/","title":{"rendered":"Was ist eine Giebelsockelleiste und warum wird sie oft in Blaustein eingebaut?"},"content":{"rendered":"<div data-elementor-type=\"wp-post\" data-elementor-id=\"4983\" class=\"elementor elementor-4983\" data-elementor-post-type=\"post\">\n\t\t\t\t<div class=\"elementor-element elementor-element-48556812 e-flex e-con-boxed e-con e-parent\" data-id=\"48556812\" data-element_type=\"container\" data-e-type=\"container\">\n\t\t\t\t\t<div class=\"e-con-inner\">\n\t\t\t\t<div class=\"elementor-element elementor-element-74c24e6b elementor-widget elementor-widget-text-editor\" data-id=\"74c24e6b\" data-element_type=\"widget\" data-e-type=\"widget\" data-widget_type=\"text-editor.default\">\n\t\t\t\t\t\t\t\t\t\n<p>Ein Blausteinsockel sch\u00fctzt Ihre Fassade vor Feuchtigkeit und Schmutz.<\/p>\n<p>Beim Bau oder bei der Renovierung eines Hauses wird h\u00e4ufig den Verblendsteinen, Fenstern und T\u00fcren viel Aufmerksamkeit geschenkt. Es gibt jedoch ein Element, das sowohl aus technischer als auch aus \u00e4sthetischer Sicht eine wichtige Rolle spielt, aber manchmal \u00fcbersehen wird: <strong>der Sockel<\/strong>.<\/p>\n\n<p>Eine Giebelsockelleiste sch\u00fctzt den unteren Teil der Fassade vor Feuchtigkeit, Schmutz und mechanischen Besch\u00e4digungen. Daher wird dieser Bereich oft mit einem starken und dauerhaften Material wie <strong>Belgischer Blaustein.<\/strong><\/p>\n<hr class=\"wp-block-separator has-alpha-channel-opacity\" \/>\n<h2 class=\"wp-block-heading\">Was ist eine Giebelsockelleiste?<\/h2>\n\n<p>Ein Giebelsockel ist der untere Streifen einer Fassade, normalerweise zwischen <strong>10 und 40 cm hoch<\/strong>, die das Mauerwerk vor \u00e4u\u00dferen Einfl\u00fcssen sch\u00fctzt.<\/p>\n\n<p>Dieser Sockel befindet sich am \u00dcbergang zwischen der Fassade und dem Bodenniveau (Garten, Einfahrt oder Terrasse). Da dieser Bereich am meisten Wasser und Schmutz ausgesetzt ist, ist ein <strong>langlebiges Natursteinmaterial<\/strong>.<\/p>\n<hr class=\"wp-block-separator has-alpha-channel-opacity\" \/>\n<h2 class=\"wp-block-heading\">Warum eine Giebelsockelleiste anbringen?<\/h2>\n\n<p>Eine Giebelsockelleiste hat mehrere Funktionen:<\/p>\n\n<ul class=\"wp-block-list\">\n<li>Schutz gegen spritzendes Regenwasser<\/li>\n\n<li>Schutz vor Schmutz und Schlamm<\/li>\n\n<li>Schutz vor mechanischen Besch\u00e4digungen (z. B. Gartenger\u00e4te)<\/li>\n\n<li>a <strong>optische Veredelung <\/strong>der Fassade<\/li>\n<\/ul>\n\n<p>Durch die Anbringung einer Sockelleiste bleibt das Mauerwerk der Fassade l\u00e4nger sch\u00f6n und gesch\u00fctzt.<\/p>\n<hr class=\"wp-block-separator has-alpha-channel-opacity\" \/>\n<h2 class=\"wp-block-heading\">Warum Blaustein?<\/h2>\n\n<p>Sehr h\u00e4ufig f\u00fcr Fassadensockel gew\u00e4hlt wird <strong>Belgischer Blaustein<\/strong>. Dieses Material hat mehrere entscheidende Vorteile.<\/p>\n\n<p><strong>Nachhaltigkeit<\/strong><br \/>Blaustein ist ein sehr widerstandsf\u00e4higer Kalkstein, der Verschlei\u00df, Feuchtigkeit und Temperaturschwankungen standh\u00e4lt.<\/p>\n\n<p><strong>Frostsicher<\/strong><br \/>Da die Giebelsockelleisten in Bodenn\u00e4he angebracht werden, kommen sie h\u00e4ufig mit Wasser in Ber\u00fchrung. Blaustein ist sehr widerstandsf\u00e4hig gegen Frost.<\/p>\n\n<p><strong>Zeitloses Aussehen<\/strong><br \/>Die nat\u00fcrliche blau-graue Farbe passt sowohl zu modernen als auch zu klassischen Fassaden.<\/p>\n\n<p><strong>Wartungsarm<\/strong><br \/>Naturstein ist pflegeleicht und beh\u00e4lt sein Aussehen \u00fcber Jahre hinweg.<\/p>\n\n<p>\u27a1 <a href=\"https:\/\/renier.be\/de\/tragsockel\/\">Weitere Informationen finden Sie hier<\/a><\/p>\n<hr class=\"wp-block-separator has-alpha-channel-opacity\" \/>\n<h2 class=\"wp-block-heading\">Welche H\u00f6he w\u00e4hlt man f\u00fcr eine Giebelsockelleiste?<\/h2>\n\n<p>Die H\u00f6he eines Fassadensockels h\u00e4ngt von der Architektur des Hauses und dem gew\u00fcnschten Erscheinungsbild ab.<\/p>\n\n<p>\u00dcbliche H\u00f6hen sind:<\/p>\n\n<ul class=\"wp-block-list\">\n<li><strong>10 bis 15 cm<\/strong> in modernen H\u00e4usern<\/li>\n\n<li><strong>20 bis 30 cm<\/strong> in klassischen H\u00e4usern<\/li>\n\n<li><strong>bis zu 40 cm<\/strong> f\u00fcr Fassaden, die einen besonderen Schutz ben\u00f6tigen<\/li>\n<\/ul>\n\n<p>Eine h\u00f6here Sockelleiste bietet mehr Schutz vor Spritzwasser und Schmutz.<\/p>\n<hr class=\"wp-block-separator has-alpha-channel-opacity\" \/>\n<h2 class=\"wp-block-heading\">Welche Ausfertigungen gibt es?<\/h2>\n\n<p>Giebelsockelleisten k\u00f6nnen in verschiedenen Ausf\u00fchrungen hergestellt werden, die h\u00e4ufigste ist jedoch blau geschliffen<\/p>\n\n<div class=\"wp-block-group is-layout-constrained wp-block-group-is-layout-constrained\">\n<div class=\"wp-block-columns is-layout-flex wp-container-core-columns-is-layout-28f84493 wp-block-columns-is-layout-flex\">\n<div class=\"wp-block-column is-layout-flow wp-block-column-is-layout-flow\" style=\"flex-basis: 100%;\">\n<figure class=\"wp-block-image size-medium\"><img fetchpriority=\"high\" decoding=\"async\" class=\"alignnone wp-image-4583\" title=\"Blaustein-Sockel\" src=\"https:\/\/renier.be\/wp-content\/uploads\/2025\/09\/IMG_4744-scaled-1-300x200.webp\" alt=\"Gro\u00dfhandel mit Naturstein\" width=\"300\" height=\"200\" srcset=\"https:\/\/renier.be\/wp-content\/uploads\/2025\/09\/IMG_4744-scaled-1-300x200.webp 300w, https:\/\/renier.be\/wp-content\/uploads\/2025\/09\/IMG_4744-scaled-1-1024x683.webp 1024w, https:\/\/renier.be\/wp-content\/uploads\/2025\/09\/IMG_4744-scaled-1-768x512.webp 768w, https:\/\/renier.be\/wp-content\/uploads\/2025\/09\/IMG_4744-scaled-1-1536x1024.webp 1536w, https:\/\/renier.be\/wp-content\/uploads\/2025\/09\/IMG_4744-scaled-1-2048x1366.webp 2048w, https:\/\/renier.be\/wp-content\/uploads\/2025\/09\/IMG_4744-scaled-1-18x12.webp 18w, https:\/\/renier.be\/wp-content\/uploads\/2025\/09\/IMG_4744-scaled-1-600x400.webp 600w\" sizes=\"(max-width: 300px) 100vw, 300px\" \/><\/figure>\n<\/div>\n<\/div>\n<\/div>\n<hr class=\"wp-block-separator has-alpha-channel-opacity\" \/>\n<h2 class=\"wp-block-heading\">Was kostet eine Giebelsockelleiste aus Blaustein?<\/h2>\n\n<p>Der Preis einer Giebelsockelleiste h\u00e4ngt von mehreren Faktoren ab, wie zum Beispiel:<\/p>\n\n<ul class=\"wp-block-list\">\n<li>H\u00f6he des Sockels<\/li>\n\n<li>Dicke des Steins<\/li>\n\n<li>Veredelung<\/li>\n\n<li>L\u00e4nge und Individualisierung<\/li>\n<\/ul>\n\n<p>Als Richtpreis k\u00f6nnen Sie in der Regel mit folgenden Werten rechnen <strong>etwa 40 bis 120 Euro pro laufendem Meter<\/strong>, abh\u00e4ngig von der Implementierung.<\/p>\n\n<p>\u27a1 <a href=\"https:\/\/renier.be\/de\/tragsockel\/\">Sehen Sie sich hier unser Angebot an Fassadensockelleisten an<\/a><\/p>\n<hr class=\"wp-block-separator has-alpha-channel-opacity\" \/>\n<h2 class=\"wp-block-heading\">H\u00e4ufig gestellte Fragen zu Fassadensockelleisten<\/h2>\n\n<h3 class=\"wp-block-heading\">Warum wird Blaustein h\u00e4ufig f\u00fcr Giebelsockel verwendet?<\/h3>\n\n<p>Blaustein ist sehr widerstandsf\u00e4hig und resistent gegen Feuchtigkeit und Frost. Das macht ihn zu einem idealen Naturstein f\u00fcr bodennahe Anwendungen, wie z. B. Giebelsockel.<\/p>\n<hr class=\"wp-block-separator has-alpha-channel-opacity\" \/>\n<h3 class=\"wp-block-heading\">Wie hoch sollte ein Fassadensockel sein?<\/h3>\n\n<p>Die meisten Giebelsockelleisten haben eine H\u00f6he zwischen <strong>10 und 30 cm<\/strong>. F\u00fcr Fassaden, die zus\u00e4tzlichen Schutz ben\u00f6tigen, kann dies bis zu etwa <strong>40 cm<\/strong>.<\/p>\n<hr class=\"wp-block-separator has-alpha-channel-opacity\" \/>\n<h3 class=\"wp-block-heading\">Kann eine Giebelsockelleiste auch dekorativ sein?<\/h3>\n\n<p>Ja. Ein Fassadensockel dient nicht nur dem Schutz, sondern hat auch eine \u00e4sthetische Funktion. Ein Natursteinsockel schafft einen klaren und stilvollen \u00dcbergang zwischen Fassade und Erdgeschoss.<\/p>\n<hr class=\"wp-block-separator has-alpha-channel-opacity\" \/>\n<h2 class=\"wp-block-heading\">Eine dauerhafte Oberfl\u00e4che f\u00fcr Ihre Fassade<\/h2>\n\n<p>Eine Fassadensockelleiste aus Naturstein verleiht Ihrem Haus nicht nur einen sch\u00f6nen Abschluss, sondern sch\u00fctzt auch den unteren Teil der Fassade vor Feuchtigkeit und Schmutz.<\/p>\n\n<p>Dank seiner Robustheit, Langlebigkeit und zeitlosen Attraktivit\u00e4t bleibt es <strong>Belgischer Blaustein<\/strong> eines der am h\u00e4ufigsten gew\u00e4hlten Materialien f\u00fcr Giebelsockelleisten.<\/p>\n\n<p>\u27a1 Sehen Sie unsere Produktpalette <strong>Sockel aus belgischem Blaustein<\/strong> auf renier.be.<\/p>\n\t\t\t\t\t\t\t\t<\/div>\n\t\t\t\t\t<\/div>\n\t\t\t\t<\/div>\n\t\t\t\t<\/div>","protected":false},"excerpt":{"rendered":"<p>Een gevelplint in blauwe hardsteen beschermt je gevel tegen vocht en vuil. Bij het bouwen of renoveren van een woning wordt vaak veel aandacht besteed aan gevelstenen, ramen en deuren. Toch is er \u00e9\u00e9n element dat zowel technisch als esthetisch een belangrijke rol speelt maar soms over het hoofd wordt gezien: de gevelplint. Een gevelplint [&hellip;]<\/p>\n","protected":false},"author":2,"featured_media":1665,"comment_status":"closed","ping_status":"closed","sticky":false,"template":"","format":"standard","meta":{"_acf_changed":false,"footnotes":""},"categories":[1],"tags":[],"class_list":["post-4983","post","type-post","status-publish","format-standard","has-post-thumbnail","hentry","category-uncategorized"],"acf":[],"yoast_head":"<!-- This site is optimized with the Yoast SEO plugin v27.5 - https:\/\/yoast.com\/product\/yoast-seo-wordpress\/ -->\n<title>Wat is een gevelplint in blauwe hardsteen? Uitleg &amp; toepassing<\/title>\n<meta name=\"description\" content=\"Wat is een gevelplint in blauwe hardsteen? Ontdek de functie, voordelen en toepassingen van blauwe hardsteen gevelplinten voor een duurzame gevel.\" \/>\n<meta name=\"robots\" content=\"index, follow, max-snippet:-1, max-image-preview:large, max-video-preview:-1\" \/>\n<link rel=\"canonical\" href=\"https:\/\/renier.be\/de\/blaustein-sockel\/\" \/>\n<meta property=\"og:locale\" content=\"de_DE\" \/>\n<meta property=\"og:type\" content=\"article\" \/>\n<meta property=\"og:title\" content=\"Wat is een gevelplint in blauwe hardsteen? Uitleg &amp; toepassing\" \/>\n<meta property=\"og:description\" content=\"Wat is een gevelplint in blauwe hardsteen? Ontdek de functie, voordelen en toepassingen van blauwe hardsteen gevelplinten voor een duurzame gevel.\" \/>\n<meta property=\"og:url\" content=\"https:\/\/renier.be\/de\/blaustein-sockel\/\" \/>\n<meta property=\"og:site_name\" content=\"Renier Natuursteen\" \/>\n<meta property=\"article:publisher\" content=\"https:\/\/www.facebook.com\/reniernatuursteen\" \/>\n<meta property=\"article:published_time\" content=\"2026-03-04T15:38:06+00:00\" \/>\n<meta property=\"article:modified_time\" content=\"2026-04-30T14:22:43+00:00\" \/>\n<meta property=\"og:image\" content=\"https:\/\/renier.be\/wp-content\/uploads\/2024\/08\/Plint-in-voorgevel.jpg\" \/>\n\t<meta property=\"og:image:width\" content=\"216\" \/>\n\t<meta property=\"og:image:height\" content=\"430\" \/>\n\t<meta property=\"og:image:type\" content=\"image\/jpeg\" \/>\n<meta name=\"author\" content=\"Frank\" \/>\n<meta name=\"twitter:card\" content=\"summary_large_image\" \/>\n<meta name=\"twitter:label1\" content=\"Verfasst von\" \/>\n\t<meta name=\"twitter:data1\" content=\"Frank\" \/>\n\t<meta name=\"twitter:label2\" content=\"Gesch\u00e4tzte Lesezeit\" \/>\n\t<meta name=\"twitter:data2\" content=\"4\u00a0Minuten\" \/>\n<script type=\"application\/ld+json\" class=\"yoast-schema-graph\">{\"@context\":\"https:\\\/\\\/schema.org\",\"@graph\":[{\"@type\":\"Article\",\"@id\":\"https:\\\/\\\/renier.be\\\/gevelplint-blauwe-hardsteen\\\/#article\",\"isPartOf\":{\"@id\":\"https:\\\/\\\/renier.be\\\/gevelplint-blauwe-hardsteen\\\/\"},\"author\":{\"name\":\"Frank\",\"@id\":\"https:\\\/\\\/renier.be\\\/#\\\/schema\\\/person\\\/5f229c8da34ea16b2a10d34df43aef2e\"},\"headline\":\"Wat is een gevelplint en waarom wordt die vaak in blauwe hardsteen geplaatst?\",\"datePublished\":\"2026-03-04T15:38:06+00:00\",\"dateModified\":\"2026-04-30T14:22:43+00:00\",\"mainEntityOfPage\":{\"@id\":\"https:\\\/\\\/renier.be\\\/gevelplint-blauwe-hardsteen\\\/\"},\"wordCount\":584,\"publisher\":{\"@id\":\"https:\\\/\\\/renier.be\\\/#organization\"},\"image\":{\"@id\":\"https:\\\/\\\/renier.be\\\/gevelplint-blauwe-hardsteen\\\/#primaryimage\"},\"thumbnailUrl\":\"https:\\\/\\\/renier.be\\\/wp-content\\\/uploads\\\/2024\\\/08\\\/Plint-in-voorgevel.jpg\",\"articleSection\":[\"Uncategorized\"],\"inLanguage\":\"de\"},{\"@type\":\"WebPage\",\"@id\":\"https:\\\/\\\/renier.be\\\/gevelplint-blauwe-hardsteen\\\/\",\"url\":\"https:\\\/\\\/renier.be\\\/gevelplint-blauwe-hardsteen\\\/\",\"name\":\"Wat is een gevelplint in blauwe hardsteen? Uitleg & toepassing\",\"isPartOf\":{\"@id\":\"https:\\\/\\\/renier.be\\\/#website\"},\"primaryImageOfPage\":{\"@id\":\"https:\\\/\\\/renier.be\\\/gevelplint-blauwe-hardsteen\\\/#primaryimage\"},\"image\":{\"@id\":\"https:\\\/\\\/renier.be\\\/gevelplint-blauwe-hardsteen\\\/#primaryimage\"},\"thumbnailUrl\":\"https:\\\/\\\/renier.be\\\/wp-content\\\/uploads\\\/2024\\\/08\\\/Plint-in-voorgevel.jpg\",\"datePublished\":\"2026-03-04T15:38:06+00:00\",\"dateModified\":\"2026-04-30T14:22:43+00:00\",\"description\":\"Wat is een gevelplint in blauwe hardsteen? Ontdek de functie, voordelen en toepassingen van blauwe hardsteen gevelplinten voor een duurzame gevel.\",\"breadcrumb\":{\"@id\":\"https:\\\/\\\/renier.be\\\/gevelplint-blauwe-hardsteen\\\/#breadcrumb\"},\"inLanguage\":\"de\",\"potentialAction\":[{\"@type\":\"ReadAction\",\"target\":[\"https:\\\/\\\/renier.be\\\/gevelplint-blauwe-hardsteen\\\/\"]}]},{\"@type\":\"ImageObject\",\"inLanguage\":\"de\",\"@id\":\"https:\\\/\\\/renier.be\\\/gevelplint-blauwe-hardsteen\\\/#primaryimage\",\"url\":\"https:\\\/\\\/renier.be\\\/wp-content\\\/uploads\\\/2024\\\/08\\\/Plint-in-voorgevel.jpg\",\"contentUrl\":\"https:\\\/\\\/renier.be\\\/wp-content\\\/uploads\\\/2024\\\/08\\\/Plint-in-voorgevel.jpg\",\"width\":216,\"height\":430,\"caption\":\"gevelpint belgische blauwe hardsteen blauw geschuurd\"},{\"@type\":\"BreadcrumbList\",\"@id\":\"https:\\\/\\\/renier.be\\\/gevelplint-blauwe-hardsteen\\\/#breadcrumb\",\"itemListElement\":[{\"@type\":\"ListItem\",\"position\":1,\"name\":\"Home\",\"item\":\"https:\\\/\\\/renier.be\\\/\"},{\"@type\":\"ListItem\",\"position\":2,\"name\":\"Wat is een gevelplint en waarom wordt die vaak in blauwe hardsteen geplaatst?\"}]},{\"@type\":\"WebSite\",\"@id\":\"https:\\\/\\\/renier.be\\\/#website\",\"url\":\"https:\\\/\\\/renier.be\\\/\",\"name\":\"Renier Natuursteen\",\"description\":\"Specialist in Belgisch Blauwe Hardsteen\",\"publisher\":{\"@id\":\"https:\\\/\\\/renier.be\\\/#organization\"},\"potentialAction\":[{\"@type\":\"SearchAction\",\"target\":{\"@type\":\"EntryPoint\",\"urlTemplate\":\"https:\\\/\\\/renier.be\\\/?s={search_term_string}\"},\"query-input\":{\"@type\":\"PropertyValueSpecification\",\"valueRequired\":true,\"valueName\":\"search_term_string\"}}],\"inLanguage\":\"de\"},{\"@type\":\"Organization\",\"@id\":\"https:\\\/\\\/renier.be\\\/#organization\",\"name\":\"Renier Natuursteen\",\"url\":\"https:\\\/\\\/renier.be\\\/\",\"logo\":{\"@type\":\"ImageObject\",\"inLanguage\":\"de\",\"@id\":\"https:\\\/\\\/renier.be\\\/#\\\/schema\\\/logo\\\/image\\\/\",\"url\":\"https:\\\/\\\/renier.be\\\/wp-content\\\/uploads\\\/2024\\\/07\\\/RENIER.png\",\"contentUrl\":\"https:\\\/\\\/renier.be\\\/wp-content\\\/uploads\\\/2024\\\/07\\\/RENIER.png\",\"width\":2717,\"height\":838,\"caption\":\"Renier Natuursteen\"},\"image\":{\"@id\":\"https:\\\/\\\/renier.be\\\/#\\\/schema\\\/logo\\\/image\\\/\"},\"sameAs\":[\"https:\\\/\\\/www.facebook.com\\\/reniernatuursteen\"]},{\"@type\":\"Person\",\"@id\":\"https:\\\/\\\/renier.be\\\/#\\\/schema\\\/person\\\/5f229c8da34ea16b2a10d34df43aef2e\",\"name\":\"Frank\",\"image\":{\"@type\":\"ImageObject\",\"inLanguage\":\"de\",\"@id\":\"https:\\\/\\\/secure.gravatar.com\\\/avatar\\\/c60feb3ce901c4426105d8e7dbb86f113f74d562c5ff0d1db2d14178b39a600d?s=96&d=mm&r=g\",\"url\":\"https:\\\/\\\/secure.gravatar.com\\\/avatar\\\/c60feb3ce901c4426105d8e7dbb86f113f74d562c5ff0d1db2d14178b39a600d?s=96&d=mm&r=g\",\"contentUrl\":\"https:\\\/\\\/secure.gravatar.com\\\/avatar\\\/c60feb3ce901c4426105d8e7dbb86f113f74d562c5ff0d1db2d14178b39a600d?s=96&d=mm&r=g\",\"caption\":\"Frank\"},\"url\":\"https:\\\/\\\/renier.be\\\/de\\\/author\\\/frank\\\/\"}]}<\/script>\n<!-- \/ Yoast SEO plugin. -->","yoast_head_json":{"title":"Was ist eine Blaustein-Giebelsockelleiste? Erl\u00e4uterung &amp; Anwendung","description":"Was ist eine Blaustein-Giebelsockelleiste? Entdecken Sie die Funktion, die Vorteile und die Anwendungen von Blaustein-Giebelsockeln f\u00fcr eine dauerhafte Fassade.","robots":{"index":"index","follow":"follow","max-snippet":"max-snippet:-1","max-image-preview":"max-image-preview:large","max-video-preview":"max-video-preview:-1"},"canonical":"https:\/\/renier.be\/de\/blaustein-sockel\/","og_locale":"de_DE","og_type":"article","og_title":"Wat is een gevelplint in blauwe hardsteen? Uitleg & toepassing","og_description":"Wat is een gevelplint in blauwe hardsteen? Ontdek de functie, voordelen en toepassingen van blauwe hardsteen gevelplinten voor een duurzame gevel.","og_url":"https:\/\/renier.be\/de\/blaustein-sockel\/","og_site_name":"Renier Natuursteen","article_publisher":"https:\/\/www.facebook.com\/reniernatuursteen","article_published_time":"2026-03-04T15:38:06+00:00","article_modified_time":"2026-04-30T14:22:43+00:00","og_image":[{"width":216,"height":430,"url":"https:\/\/renier.be\/wp-content\/uploads\/2024\/08\/Plint-in-voorgevel.jpg","type":"image\/jpeg"}],"author":"Frank","twitter_card":"summary_large_image","twitter_misc":{"Verfasst von":"Frank","Gesch\u00e4tzte Lesezeit":"4\u00a0Minuten"},"schema":{"@context":"https:\/\/schema.org","@graph":[{"@type":"Article","@id":"https:\/\/renier.be\/gevelplint-blauwe-hardsteen\/#article","isPartOf":{"@id":"https:\/\/renier.be\/gevelplint-blauwe-hardsteen\/"},"author":{"name":"Frank","@id":"https:\/\/renier.be\/#\/schema\/person\/5f229c8da34ea16b2a10d34df43aef2e"},"headline":"Wat is een gevelplint en waarom wordt die vaak in blauwe hardsteen geplaatst?","datePublished":"2026-03-04T15:38:06+00:00","dateModified":"2026-04-30T14:22:43+00:00","mainEntityOfPage":{"@id":"https:\/\/renier.be\/gevelplint-blauwe-hardsteen\/"},"wordCount":584,"publisher":{"@id":"https:\/\/renier.be\/#organization"},"image":{"@id":"https:\/\/renier.be\/gevelplint-blauwe-hardsteen\/#primaryimage"},"thumbnailUrl":"https:\/\/renier.be\/wp-content\/uploads\/2024\/08\/Plint-in-voorgevel.jpg","articleSection":["Uncategorized"],"inLanguage":"de"},{"@type":"WebPage","@id":"https:\/\/renier.be\/gevelplint-blauwe-hardsteen\/","url":"https:\/\/renier.be\/gevelplint-blauwe-hardsteen\/","name":"Was ist eine Blaustein-Giebelsockelleiste? Erl\u00e4uterung &amp; Anwendung","isPartOf":{"@id":"https:\/\/renier.be\/#website"},"primaryImageOfPage":{"@id":"https:\/\/renier.be\/gevelplint-blauwe-hardsteen\/#primaryimage"},"image":{"@id":"https:\/\/renier.be\/gevelplint-blauwe-hardsteen\/#primaryimage"},"thumbnailUrl":"https:\/\/renier.be\/wp-content\/uploads\/2024\/08\/Plint-in-voorgevel.jpg","datePublished":"2026-03-04T15:38:06+00:00","dateModified":"2026-04-30T14:22:43+00:00","description":"Was ist eine Blaustein-Giebelsockelleiste? Entdecken Sie die Funktion, die Vorteile und die Anwendungen von Blaustein-Giebelsockeln f\u00fcr eine dauerhafte Fassade.","breadcrumb":{"@id":"https:\/\/renier.be\/gevelplint-blauwe-hardsteen\/#breadcrumb"},"inLanguage":"de","potentialAction":[{"@type":"ReadAction","target":["https:\/\/renier.be\/gevelplint-blauwe-hardsteen\/"]}]},{"@type":"ImageObject","inLanguage":"de","@id":"https:\/\/renier.be\/gevelplint-blauwe-hardsteen\/#primaryimage","url":"https:\/\/renier.be\/wp-content\/uploads\/2024\/08\/Plint-in-voorgevel.jpg","contentUrl":"https:\/\/renier.be\/wp-content\/uploads\/2024\/08\/Plint-in-voorgevel.jpg","width":216,"height":430,"caption":"gevelpint belgische blauwe hardsteen blauw geschuurd"},{"@type":"BreadcrumbList","@id":"https:\/\/renier.be\/gevelplint-blauwe-hardsteen\/#breadcrumb","itemListElement":[{"@type":"ListItem","position":1,"name":"Home","item":"https:\/\/renier.be\/"},{"@type":"ListItem","position":2,"name":"Wat is een gevelplint en waarom wordt die vaak in blauwe hardsteen geplaatst?"}]},{"@type":"WebSite","@id":"https:\/\/renier.be\/#website","url":"https:\/\/renier.be\/","name":"Renier Naturstein","description":"Spezialist f\u00fcr belgischen Blaustein","publisher":{"@id":"https:\/\/renier.be\/#organization"},"potentialAction":[{"@type":"SearchAction","target":{"@type":"EntryPoint","urlTemplate":"https:\/\/renier.be\/?s={search_term_string}"},"query-input":{"@type":"PropertyValueSpecification","valueRequired":true,"valueName":"search_term_string"}}],"inLanguage":"de"},{"@type":"Organization","@id":"https:\/\/renier.be\/#organization","name":"Renier Naturstein","url":"https:\/\/renier.be\/","logo":{"@type":"ImageObject","inLanguage":"de","@id":"https:\/\/renier.be\/#\/schema\/logo\/image\/","url":"https:\/\/renier.be\/wp-content\/uploads\/2024\/07\/RENIER.png","contentUrl":"https:\/\/renier.be\/wp-content\/uploads\/2024\/07\/RENIER.png","width":2717,"height":838,"caption":"Renier Natuursteen"},"image":{"@id":"https:\/\/renier.be\/#\/schema\/logo\/image\/"},"sameAs":["https:\/\/www.facebook.com\/reniernatuursteen"]},{"@type":"Person","@id":"https:\/\/renier.be\/#\/schema\/person\/5f229c8da34ea16b2a10d34df43aef2e","name":"Frank","image":{"@type":"ImageObject","inLanguage":"de","@id":"https:\/\/secure.gravatar.com\/avatar\/c60feb3ce901c4426105d8e7dbb86f113f74d562c5ff0d1db2d14178b39a600d?s=96&d=mm&r=g","url":"https:\/\/secure.gravatar.com\/avatar\/c60feb3ce901c4426105d8e7dbb86f113f74d562c5ff0d1db2d14178b39a600d?s=96&d=mm&r=g","contentUrl":"https:\/\/secure.gravatar.com\/avatar\/c60feb3ce901c4426105d8e7dbb86f113f74d562c5ff0d1db2d14178b39a600d?s=96&d=mm&r=g","caption":"Frank"},"url":"https:\/\/renier.be\/de\/author\/frank\/"}]}},"_links":{"self":[{"href":"https:\/\/renier.be\/de\/wp-json\/wp\/v2\/posts\/4983","targetHints":{"allow":["GET"]}}],"collection":[{"href":"https:\/\/renier.be\/de\/wp-json\/wp\/v2\/posts"}],"about":[{"href":"https:\/\/renier.be\/de\/wp-json\/wp\/v2\/types\/post"}],"author":[{"embeddable":true,"href":"https:\/\/renier.be\/de\/wp-json\/wp\/v2\/users\/2"}],"replies":[{"embeddable":true,"href":"https:\/\/renier.be\/de\/wp-json\/wp\/v2\/comments?post=4983"}],"version-history":[{"count":4,"href":"https:\/\/renier.be\/de\/wp-json\/wp\/v2\/posts\/4983\/revisions"}],"predecessor-version":[{"id":5419,"href":"https:\/\/renier.be\/de\/wp-json\/wp\/v2\/posts\/4983\/revisions\/5419"}],"wp:featuredmedia":[{"embeddable":true,"href":"https:\/\/renier.be\/de\/wp-json\/wp\/v2\/media\/1665"}],"wp:attachment":[{"href":"https:\/\/renier.be\/de\/wp-json\/wp\/v2\/media?parent=4983"}],"wp:term":[{"taxonomy":"category","embeddable":true,"href":"https:\/\/renier.be\/de\/wp-json\/wp\/v2\/categories?post=4983"},{"taxonomy":"post_tag","embeddable":true,"href":"https:\/\/renier.be\/de\/wp-json\/wp\/v2\/tags?post=4983"}],"curies":[{"name":"wp","href":"https:\/\/api.w.org\/{rel}","templated":true}]}}