{"id":5221,"date":"2026-04-29T16:26:40","date_gmt":"2026-04-29T14:26:40","guid":{"rendered":"https:\/\/renier.be\/?p=5221"},"modified":"2026-04-29T16:26:42","modified_gmt":"2026-04-29T14:26:42","slug":"defaut-de-construction-decollement-des-plinthes-collees-en-pierre-naturelle","status":"publish","type":"post","link":"https:\/\/renier.be\/fr\/bouwgebrek-loskomen-van-verlijmde-gevelplinten-in-natuursteen\/","title":{"rendered":"D\u00e9faut de construction : d\u00e9tachement des plinthes de fa\u00e7ade coll\u00e9es en pierre naturelle"},"content":{"rendered":"<p>Auteur : T. Rondou<\/p>\n\n\n\n<p>Les plinthes de pignon en pierre naturelle se d\u00e9tachent r\u00e9guli\u00e8rement. Le d\u00e9collement des plinthes en pierre naturelle est souvent d\u00fb \u00e0 un mauvais collage ou \u00e0 une mauvaise adaptation au rev\u00eatement. Dans cette fiche d'information, nous examinons les causes et fournissons des recommandations pour la r\u00e9paration et la pr\u00e9vention.<\/p>\n\n\n\n<p><strong>Contexte et d\u00e9finition du probl\u00e8me<\/strong><\/p>\n\n\n\n<p>Les fa\u00e7ades du b\u00e2timent ont \u00e9t\u00e9 finies avec des plinthes en pierre naturelle coll\u00e9es \u00e0 la ma\u00e7onnerie avec des points de mortier. Ensuite, ils ont appliqu\u00e9 un pavage perm\u00e9able dont les joints sont remplis de granulats de pierre naturelle concass\u00e9e (fendus). Le niveau du pavage est plus haut que le dessous des plinthes.<\/p>\n\n\n\n<p>Quelques mois plus tard, plusieurs plinthes se d\u00e9tachent.<\/p>\n\n\n\n<p><strong>R\u00e9sultats<\/strong><\/p>\n\n\n\n<p>Les plinthes non fix\u00e9es s'inclinent vers l'ext\u00e9rieur par le dessous. La liaison entre la plinthe et la chauss\u00e9e consiste en un joint \u00e9troit rempli de gravier. Cela permet au joint d'absorber pratiquement toutes les d\u00e9formations dans la pratique.<\/p>\n\n\n\n<p><strong>Causes du d\u00e9chaussement des plinthes de fa\u00e7ade en pierre naturelle<\/strong><\/p>\n\n\n\n<p>Le d\u00e9collement se produit lorsque les contraintes d\u00e9passent la force d'adh\u00e9rence de la colle. Des contraintes de cisaillement apparaissent dans la liaison adh\u00e9sive en raison du poids propre des plinthes et des d\u00e9formations hygrothermiques. En outre, des forces agissent perpendiculairement \u00e0 la surface de collage en raison de la pression de la chauss\u00e9e sur la plinthe.<\/p>\n\n\n\n<p>Lorsque les temp\u00e9ratures augmentent, la chauss\u00e9e se dilate. Comme le joint est rempli de gravier, ce mouvement peut difficilement \u00eatre absorb\u00e9. Par cons\u00e9quent, le pavage commence \u00e0 appuyer sur la plinthe.<\/p>\n\n\n\n<p>Le collage avec des points de mortier cr\u00e9e des espaces creux derri\u00e8re la plinthe. La colle est souvent manquante sur la face inf\u00e9rieure. Lorsque le trottoir pousse contre la plinthe, il se cr\u00e9e un effet de levier qui fait que la plinthe se d\u00e9tache et bascule vers l'ext\u00e9rieur. Plus le contact avec la colle est limit\u00e9, plus le risque de d\u00e9collement est grand.<\/p>\n\n\n\n<p><strong>Nuance importante<\/strong><\/p>\n\n\n\n<p>Cette demande n'est pas le r\u00e9sultat d'une erreur d'ex\u00e9cution \u00e9vidente. Le probl\u00e8me provient d'une combinaison de facteurs. Le collage avec des points de mortier et la liaison rigide avec la chauss\u00e9e sont en soi des m\u00e9thodes de mise en \u0153uvre courantes, mais dans le cas pr\u00e9sent, elles se renforcent mutuellement de mani\u00e8re d\u00e9favorable.<\/p>\n\n\n\n<p><strong>La pr\u00e9vention<\/strong><\/p>\n\n\n\n<p>La solution la plus efficace consiste \u00e0 placer le dessous de la plinthe au-dessus du niveau du trottoir. On peut fixer la plinthe m\u00e9caniquement, ce qui est pr\u00e9f\u00e9rable, ou la coller. En cas de collage, il est pr\u00e9f\u00e9rable de proc\u00e9der \u00e0 un collage sur toute la surface. Cela r\u00e9duit le risque de d\u00e9collement et limite \u00e9galement le risque de taches.<\/p>\n\n\n\n<p>Si l'on souhaite un raccord visible et que la plinthe est au m\u00eame niveau que le trottoir, il est pr\u00e9f\u00e9rable de pr\u00e9voir un joint de 1,5 \u00e0 2 cm. Remplissez-le en profondeur avec un mat\u00e9riau compressible et terminez en haut avec un produit d'\u00e9tanch\u00e9it\u00e9 \u00e9lastique et non tachant.<\/p>\n\n\n\n<p>Dans les situations o\u00f9 il n'y a pas de contr\u00f4le sur le pavage, par exemple sur le domaine public, il est pr\u00e9f\u00e9rable de tenir compte d'une \u00e9ventuelle pression sur la plinthe. Dans ce cas, une pierre de couronnement peut \u00eatre plac\u00e9e entre la plinthe et le dallage, s\u00e9par\u00e9e par un joint \u00e9lastique. Pour les plinthes coll\u00e9es, le collage sur toute la surface reste g\u00e9n\u00e9ralement le choix le plus s\u00fbr.<\/p>\n\n\n\n<p>Il est \u00e9galement important d'\u00e9viter la pr\u00e9sence d'eau derri\u00e8re la plinthe. Cela permet d'\u00e9viter les d\u00e9g\u00e2ts caus\u00e9s par le gel. Dans le cas d'un mur creux, le drainage de la cavit\u00e9 doit se faire au-dessus de la plinthe.<\/p>\n\n\n\n<p><strong>R\u00e9paration<\/strong><\/p>\n\n\n\n<p>Il est possible de rattacher les plinthes d\u00e9tach\u00e9es, de pr\u00e9f\u00e9rence en les collant sur toute leur surface ou en les fixant m\u00e9caniquement. Ce faisant, il convient de tenir compte des d\u00e9tails de connexion corrects afin d'\u00e9viter les r\u00e9p\u00e9titions.<\/p>\n\n\n\n<p><strong>Conclusion<\/strong><\/p>\n\n\n\n<p>Le d\u00e9collement des plinthes de fa\u00e7ade en pierre naturelle est g\u00e9n\u00e9ralement d\u00fb \u00e0 un ensemble de circonstances. Dans la plupart des cas, il est possible d'\u00e9viter ce probl\u00e8me en pr\u00eatant attention au collage et \u00e0 l'assemblage avec le dallage.<\/p>\n\n\n\n<p><a href=\"https:\/\/renier.be\/fr\/plinthes-structurelles\/\">Vous souhaitez en savoir plus sur nos plinthes ?<\/a> ?<\/p>\n\n\n\n<p><\/p>","protected":false},"excerpt":{"rendered":"<p>Auteur: T. Rondou Gevelplinten in natuursteen die loskomen is een regelmatig voorkomend probleem. Het loskomen van gevelplinten in natuursteen komt vaak voor bij een verkeerde verlijming of een ongunstige aansluiting met de verharding. In deze fiche bespreken we de oorzaken en geven we aanbevelingen voor herstelling en preventie. Context en probleemstelling Men werkte de gevels [&hellip;]<\/p>\n","protected":false},"author":2,"featured_media":5222,"comment_status":"closed","ping_status":"closed","sticky":false,"template":"","format":"standard","meta":{"_acf_changed":false,"footnotes":""},"categories":[1],"tags":[],"class_list":["post-5221","post","type-post","status-publish","format-standard","has-post-thumbnail","hentry","category-uncategorized"],"acf":[],"yoast_head":"<!-- This site is optimized with the Yoast SEO plugin v27.5 - https:\/\/yoast.com\/product\/yoast-seo-wordpress\/ -->\n<title>Bouwgebrek: loskomen van verlijmde gevelplinten in natuursteen - Renier Natuursteen<\/title>\n<meta name=\"description\" content=\"Loskomende gevelplinten in natuursteen? Ontdek de oorzaken, oplossingen en preventie om schade en herstellingen te vermijden.\" \/>\n<meta name=\"robots\" content=\"index, follow, max-snippet:-1, max-image-preview:large, max-video-preview:-1\" \/>\n<link rel=\"canonical\" href=\"https:\/\/renier.be\/fr\/defaut-de-construction-decollement-des-plinthes-collees-en-pierre-naturelle\/\" \/>\n<meta property=\"og:locale\" content=\"fr_FR\" \/>\n<meta property=\"og:type\" content=\"article\" \/>\n<meta property=\"og:title\" content=\"Bouwgebrek: loskomen van verlijmde gevelplinten in natuursteen - Renier Natuursteen\" \/>\n<meta property=\"og:description\" content=\"Loskomende gevelplinten in natuursteen? Ontdek de oorzaken, oplossingen en preventie om schade en herstellingen te vermijden.\" \/>\n<meta property=\"og:url\" content=\"https:\/\/renier.be\/fr\/defaut-de-construction-decollement-des-plinthes-collees-en-pierre-naturelle\/\" \/>\n<meta property=\"og:site_name\" content=\"Renier Natuursteen\" \/>\n<meta property=\"article:publisher\" content=\"https:\/\/www.facebook.com\/reniernatuursteen\" \/>\n<meta property=\"article:published_time\" content=\"2026-04-29T14:26:40+00:00\" \/>\n<meta property=\"article:modified_time\" content=\"2026-04-29T14:26:42+00:00\" \/>\n<meta property=\"og:image\" content=\"https:\/\/renier.be\/wp-content\/uploads\/2026\/03\/Losgekomen-plint.jpg\" \/>\n\t<meta property=\"og:image:width\" content=\"791\" \/>\n\t<meta property=\"og:image:height\" content=\"626\" \/>\n\t<meta property=\"og:image:type\" content=\"image\/jpeg\" \/>\n<meta name=\"author\" content=\"Frank\" \/>\n<meta name=\"twitter:card\" content=\"summary_large_image\" \/>\n<meta name=\"twitter:label1\" content=\"\u00c9crit par\" \/>\n\t<meta name=\"twitter:data1\" content=\"Frank\" \/>\n\t<meta name=\"twitter:label2\" content=\"Dur\u00e9e de lecture estim\u00e9e\" \/>\n\t<meta name=\"twitter:data2\" content=\"3 minutes\" \/>\n<script type=\"application\/ld+json\" class=\"yoast-schema-graph\">{\"@context\":\"https:\\\/\\\/schema.org\",\"@graph\":[{\"@type\":\"Article\",\"@id\":\"https:\\\/\\\/renier.be\\\/bouwgebrek-loskomen-van-verlijmde-gevelplinten-in-natuursteen\\\/#article\",\"isPartOf\":{\"@id\":\"https:\\\/\\\/renier.be\\\/bouwgebrek-loskomen-van-verlijmde-gevelplinten-in-natuursteen\\\/\"},\"author\":{\"name\":\"Frank\",\"@id\":\"https:\\\/\\\/renier.be\\\/#\\\/schema\\\/person\\\/5f229c8da34ea16b2a10d34df43aef2e\"},\"headline\":\"Bouwgebrek: loskomen van verlijmde gevelplinten in natuursteen\",\"datePublished\":\"2026-04-29T14:26:40+00:00\",\"dateModified\":\"2026-04-29T14:26:42+00:00\",\"mainEntityOfPage\":{\"@id\":\"https:\\\/\\\/renier.be\\\/bouwgebrek-loskomen-van-verlijmde-gevelplinten-in-natuursteen\\\/\"},\"wordCount\":570,\"publisher\":{\"@id\":\"https:\\\/\\\/renier.be\\\/#organization\"},\"image\":{\"@id\":\"https:\\\/\\\/renier.be\\\/bouwgebrek-loskomen-van-verlijmde-gevelplinten-in-natuursteen\\\/#primaryimage\"},\"thumbnailUrl\":\"https:\\\/\\\/renier.be\\\/wp-content\\\/uploads\\\/2026\\\/03\\\/Losgekomen-plint.jpg\",\"articleSection\":[\"Uncategorized\"],\"inLanguage\":\"fr-FR\"},{\"@type\":\"WebPage\",\"@id\":\"https:\\\/\\\/renier.be\\\/bouwgebrek-loskomen-van-verlijmde-gevelplinten-in-natuursteen\\\/\",\"url\":\"https:\\\/\\\/renier.be\\\/bouwgebrek-loskomen-van-verlijmde-gevelplinten-in-natuursteen\\\/\",\"name\":\"Bouwgebrek: loskomen van verlijmde gevelplinten in natuursteen - Renier Natuursteen\",\"isPartOf\":{\"@id\":\"https:\\\/\\\/renier.be\\\/#website\"},\"primaryImageOfPage\":{\"@id\":\"https:\\\/\\\/renier.be\\\/bouwgebrek-loskomen-van-verlijmde-gevelplinten-in-natuursteen\\\/#primaryimage\"},\"image\":{\"@id\":\"https:\\\/\\\/renier.be\\\/bouwgebrek-loskomen-van-verlijmde-gevelplinten-in-natuursteen\\\/#primaryimage\"},\"thumbnailUrl\":\"https:\\\/\\\/renier.be\\\/wp-content\\\/uploads\\\/2026\\\/03\\\/Losgekomen-plint.jpg\",\"datePublished\":\"2026-04-29T14:26:40+00:00\",\"dateModified\":\"2026-04-29T14:26:42+00:00\",\"description\":\"Loskomende gevelplinten in natuursteen? Ontdek de oorzaken, oplossingen en preventie om schade en herstellingen te vermijden.\",\"breadcrumb\":{\"@id\":\"https:\\\/\\\/renier.be\\\/bouwgebrek-loskomen-van-verlijmde-gevelplinten-in-natuursteen\\\/#breadcrumb\"},\"inLanguage\":\"fr-FR\",\"potentialAction\":[{\"@type\":\"ReadAction\",\"target\":[\"https:\\\/\\\/renier.be\\\/bouwgebrek-loskomen-van-verlijmde-gevelplinten-in-natuursteen\\\/\"]}]},{\"@type\":\"ImageObject\",\"inLanguage\":\"fr-FR\",\"@id\":\"https:\\\/\\\/renier.be\\\/bouwgebrek-loskomen-van-verlijmde-gevelplinten-in-natuursteen\\\/#primaryimage\",\"url\":\"https:\\\/\\\/renier.be\\\/wp-content\\\/uploads\\\/2026\\\/03\\\/Losgekomen-plint.jpg\",\"contentUrl\":\"https:\\\/\\\/renier.be\\\/wp-content\\\/uploads\\\/2026\\\/03\\\/Losgekomen-plint.jpg\",\"width\":791,\"height\":626,\"caption\":\"Losgekomen plint natuursteen\"},{\"@type\":\"BreadcrumbList\",\"@id\":\"https:\\\/\\\/renier.be\\\/bouwgebrek-loskomen-van-verlijmde-gevelplinten-in-natuursteen\\\/#breadcrumb\",\"itemListElement\":[{\"@type\":\"ListItem\",\"position\":1,\"name\":\"Home\",\"item\":\"https:\\\/\\\/renier.be\\\/\"},{\"@type\":\"ListItem\",\"position\":2,\"name\":\"Bouwgebrek: loskomen van verlijmde gevelplinten in natuursteen\"}]},{\"@type\":\"WebSite\",\"@id\":\"https:\\\/\\\/renier.be\\\/#website\",\"url\":\"https:\\\/\\\/renier.be\\\/\",\"name\":\"Renier Natuursteen\",\"description\":\"Specialist in Belgisch Blauwe Hardsteen\",\"publisher\":{\"@id\":\"https:\\\/\\\/renier.be\\\/#organization\"},\"potentialAction\":[{\"@type\":\"SearchAction\",\"target\":{\"@type\":\"EntryPoint\",\"urlTemplate\":\"https:\\\/\\\/renier.be\\\/?s={search_term_string}\"},\"query-input\":{\"@type\":\"PropertyValueSpecification\",\"valueRequired\":true,\"valueName\":\"search_term_string\"}}],\"inLanguage\":\"fr-FR\"},{\"@type\":\"Organization\",\"@id\":\"https:\\\/\\\/renier.be\\\/#organization\",\"name\":\"Renier Natuursteen\",\"url\":\"https:\\\/\\\/renier.be\\\/\",\"logo\":{\"@type\":\"ImageObject\",\"inLanguage\":\"fr-FR\",\"@id\":\"https:\\\/\\\/renier.be\\\/#\\\/schema\\\/logo\\\/image\\\/\",\"url\":\"\",\"contentUrl\":\"\",\"caption\":\"Renier Natuursteen\"},\"image\":{\"@id\":\"https:\\\/\\\/renier.be\\\/#\\\/schema\\\/logo\\\/image\\\/\"},\"sameAs\":[\"https:\\\/\\\/www.facebook.com\\\/reniernatuursteen\"]},{\"@type\":\"Person\",\"@id\":\"https:\\\/\\\/renier.be\\\/#\\\/schema\\\/person\\\/5f229c8da34ea16b2a10d34df43aef2e\",\"name\":\"Frank\",\"image\":{\"@type\":\"ImageObject\",\"inLanguage\":\"fr-FR\",\"@id\":\"https:\\\/\\\/secure.gravatar.com\\\/avatar\\\/c60feb3ce901c4426105d8e7dbb86f113f74d562c5ff0d1db2d14178b39a600d?s=96&d=mm&r=g\",\"url\":\"https:\\\/\\\/secure.gravatar.com\\\/avatar\\\/c60feb3ce901c4426105d8e7dbb86f113f74d562c5ff0d1db2d14178b39a600d?s=96&d=mm&r=g\",\"contentUrl\":\"https:\\\/\\\/secure.gravatar.com\\\/avatar\\\/c60feb3ce901c4426105d8e7dbb86f113f74d562c5ff0d1db2d14178b39a600d?s=96&d=mm&r=g\",\"caption\":\"Frank\"},\"url\":\"https:\\\/\\\/renier.be\\\/fr\\\/author\\\/frank\\\/\"}]}<\/script>\n<!-- \/ Yoast SEO plugin. -->","yoast_head_json":{"title":"D\u00e9faut de construction : descellement des plinthes en pierre naturelle coll\u00e9es - Renier Natural Stone","description":"Des plinthes en pierre naturelle qui se d\u00e9tachent ? D\u00e9couvrez les causes, les solutions et la pr\u00e9vention pour \u00e9viter les d\u00e9g\u00e2ts et les r\u00e9parations.","robots":{"index":"index","follow":"follow","max-snippet":"max-snippet:-1","max-image-preview":"max-image-preview:large","max-video-preview":"max-video-preview:-1"},"canonical":"https:\/\/renier.be\/fr\/defaut-de-construction-decollement-des-plinthes-collees-en-pierre-naturelle\/","og_locale":"fr_FR","og_type":"article","og_title":"Bouwgebrek: loskomen van verlijmde gevelplinten in natuursteen - Renier Natuursteen","og_description":"Loskomende gevelplinten in natuursteen? Ontdek de oorzaken, oplossingen en preventie om schade en herstellingen te vermijden.","og_url":"https:\/\/renier.be\/fr\/defaut-de-construction-decollement-des-plinthes-collees-en-pierre-naturelle\/","og_site_name":"Renier Natuursteen","article_publisher":"https:\/\/www.facebook.com\/reniernatuursteen","article_published_time":"2026-04-29T14:26:40+00:00","article_modified_time":"2026-04-29T14:26:42+00:00","og_image":[{"width":791,"height":626,"url":"https:\/\/renier.be\/wp-content\/uploads\/2026\/03\/Losgekomen-plint.jpg","type":"image\/jpeg"}],"author":"Frank","twitter_card":"summary_large_image","twitter_misc":{"\u00c9crit par":"Frank","Dur\u00e9e de lecture estim\u00e9e":"3 minutes"},"schema":{"@context":"https:\/\/schema.org","@graph":[{"@type":"Article","@id":"https:\/\/renier.be\/bouwgebrek-loskomen-van-verlijmde-gevelplinten-in-natuursteen\/#article","isPartOf":{"@id":"https:\/\/renier.be\/bouwgebrek-loskomen-van-verlijmde-gevelplinten-in-natuursteen\/"},"author":{"name":"Frank","@id":"https:\/\/renier.be\/#\/schema\/person\/5f229c8da34ea16b2a10d34df43aef2e"},"headline":"Bouwgebrek: loskomen van verlijmde gevelplinten in natuursteen","datePublished":"2026-04-29T14:26:40+00:00","dateModified":"2026-04-29T14:26:42+00:00","mainEntityOfPage":{"@id":"https:\/\/renier.be\/bouwgebrek-loskomen-van-verlijmde-gevelplinten-in-natuursteen\/"},"wordCount":570,"publisher":{"@id":"https:\/\/renier.be\/#organization"},"image":{"@id":"https:\/\/renier.be\/bouwgebrek-loskomen-van-verlijmde-gevelplinten-in-natuursteen\/#primaryimage"},"thumbnailUrl":"https:\/\/renier.be\/wp-content\/uploads\/2026\/03\/Losgekomen-plint.jpg","articleSection":["Uncategorized"],"inLanguage":"fr-FR"},{"@type":"WebPage","@id":"https:\/\/renier.be\/bouwgebrek-loskomen-van-verlijmde-gevelplinten-in-natuursteen\/","url":"https:\/\/renier.be\/bouwgebrek-loskomen-van-verlijmde-gevelplinten-in-natuursteen\/","name":"D\u00e9faut de construction : descellement des plinthes en pierre naturelle coll\u00e9es - Renier Natural Stone","isPartOf":{"@id":"https:\/\/renier.be\/#website"},"primaryImageOfPage":{"@id":"https:\/\/renier.be\/bouwgebrek-loskomen-van-verlijmde-gevelplinten-in-natuursteen\/#primaryimage"},"image":{"@id":"https:\/\/renier.be\/bouwgebrek-loskomen-van-verlijmde-gevelplinten-in-natuursteen\/#primaryimage"},"thumbnailUrl":"https:\/\/renier.be\/wp-content\/uploads\/2026\/03\/Losgekomen-plint.jpg","datePublished":"2026-04-29T14:26:40+00:00","dateModified":"2026-04-29T14:26:42+00:00","description":"Des plinthes en pierre naturelle qui se d\u00e9tachent ? D\u00e9couvrez les causes, les solutions et la pr\u00e9vention pour \u00e9viter les d\u00e9g\u00e2ts et les r\u00e9parations.","breadcrumb":{"@id":"https:\/\/renier.be\/bouwgebrek-loskomen-van-verlijmde-gevelplinten-in-natuursteen\/#breadcrumb"},"inLanguage":"fr-FR","potentialAction":[{"@type":"ReadAction","target":["https:\/\/renier.be\/bouwgebrek-loskomen-van-verlijmde-gevelplinten-in-natuursteen\/"]}]},{"@type":"ImageObject","inLanguage":"fr-FR","@id":"https:\/\/renier.be\/bouwgebrek-loskomen-van-verlijmde-gevelplinten-in-natuursteen\/#primaryimage","url":"https:\/\/renier.be\/wp-content\/uploads\/2026\/03\/Losgekomen-plint.jpg","contentUrl":"https:\/\/renier.be\/wp-content\/uploads\/2026\/03\/Losgekomen-plint.jpg","width":791,"height":626,"caption":"Losgekomen plint natuursteen"},{"@type":"BreadcrumbList","@id":"https:\/\/renier.be\/bouwgebrek-loskomen-van-verlijmde-gevelplinten-in-natuursteen\/#breadcrumb","itemListElement":[{"@type":"ListItem","position":1,"name":"Home","item":"https:\/\/renier.be\/"},{"@type":"ListItem","position":2,"name":"Bouwgebrek: loskomen van verlijmde gevelplinten in natuursteen"}]},{"@type":"WebSite","@id":"https:\/\/renier.be\/#website","url":"https:\/\/renier.be\/","name":"Pierre naturelle de Renier","description":"Sp\u00e9cialiste de la pierre bleue belge","publisher":{"@id":"https:\/\/renier.be\/#organization"},"potentialAction":[{"@type":"SearchAction","target":{"@type":"EntryPoint","urlTemplate":"https:\/\/renier.be\/?s={search_term_string}"},"query-input":{"@type":"PropertyValueSpecification","valueRequired":true,"valueName":"search_term_string"}}],"inLanguage":"fr-FR"},{"@type":"Organization","@id":"https:\/\/renier.be\/#organization","name":"Pierre naturelle de Renier","url":"https:\/\/renier.be\/","logo":{"@type":"ImageObject","inLanguage":"fr-FR","@id":"https:\/\/renier.be\/#\/schema\/logo\/image\/","url":"","contentUrl":"","caption":"Renier Natuursteen"},"image":{"@id":"https:\/\/renier.be\/#\/schema\/logo\/image\/"},"sameAs":["https:\/\/www.facebook.com\/reniernatuursteen"]},{"@type":"Person","@id":"https:\/\/renier.be\/#\/schema\/person\/5f229c8da34ea16b2a10d34df43aef2e","name":"Frank","image":{"@type":"ImageObject","inLanguage":"fr-FR","@id":"https:\/\/secure.gravatar.com\/avatar\/c60feb3ce901c4426105d8e7dbb86f113f74d562c5ff0d1db2d14178b39a600d?s=96&d=mm&r=g","url":"https:\/\/secure.gravatar.com\/avatar\/c60feb3ce901c4426105d8e7dbb86f113f74d562c5ff0d1db2d14178b39a600d?s=96&d=mm&r=g","contentUrl":"https:\/\/secure.gravatar.com\/avatar\/c60feb3ce901c4426105d8e7dbb86f113f74d562c5ff0d1db2d14178b39a600d?s=96&d=mm&r=g","caption":"Frank"},"url":"https:\/\/renier.be\/fr\/author\/frank\/"}]}},"_links":{"self":[{"href":"https:\/\/renier.be\/fr\/wp-json\/wp\/v2\/posts\/5221","targetHints":{"allow":["GET"]}}],"collection":[{"href":"https:\/\/renier.be\/fr\/wp-json\/wp\/v2\/posts"}],"about":[{"href":"https:\/\/renier.be\/fr\/wp-json\/wp\/v2\/types\/post"}],"author":[{"embeddable":true,"href":"https:\/\/renier.be\/fr\/wp-json\/wp\/v2\/users\/2"}],"replies":[{"embeddable":true,"href":"https:\/\/renier.be\/fr\/wp-json\/wp\/v2\/comments?post=5221"}],"version-history":[{"count":1,"href":"https:\/\/renier.be\/fr\/wp-json\/wp\/v2\/posts\/5221\/revisions"}],"predecessor-version":[{"id":5388,"href":"https:\/\/renier.be\/fr\/wp-json\/wp\/v2\/posts\/5221\/revisions\/5388"}],"wp:featuredmedia":[{"embeddable":true,"href":"https:\/\/renier.be\/fr\/wp-json\/wp\/v2\/media\/5222"}],"wp:attachment":[{"href":"https:\/\/renier.be\/fr\/wp-json\/wp\/v2\/media?parent=5221"}],"wp:term":[{"taxonomy":"category","embeddable":true,"href":"https:\/\/renier.be\/fr\/wp-json\/wp\/v2\/categories?post=5221"},{"taxonomy":"post_tag","embeddable":true,"href":"https:\/\/renier.be\/fr\/wp-json\/wp\/v2\/tags?post=5221"}],"curies":[{"name":"wp","href":"https:\/\/api.w.org\/{rel}","templated":true}]}}